{"id":5030,"date":"2013-12-30T19:10:20","date_gmt":"2013-12-30T19:10:20","guid":{"rendered":"https:\/\/santosvieiralda.com\/?p=5030"},"modified":"2014-01-01T19:15:11","modified_gmt":"2014-01-01T19:15:11","slug":"seguranca-e-higiene-no-trabalho","status":"publish","type":"post","link":"https:\/\/santosvieiralda.com\/?p=5030","title":{"rendered":"Seguran\u00e7a e Higiene no Trabalho"},"content":{"rendered":"<div class=\"aq-template-wrapper aq_row\"><div class=\"aq_span6 clearfix aq-first\"><img loading=\"lazy\" class=\"aligncenter size-medium wp-image-5031\" alt=\"005_800_553_higie_seg_trab\" src=\"http:\/\/santosvieiralda.com\/wp-content\/uploads\/2013\/12\/005_800_553_higie_seg_trab-300x207.jpg\" width=\"300\" height=\"207\" srcset=\"https:\/\/santosvieiralda.com\/wp-content\/uploads\/2013\/12\/005_800_553_higie_seg_trab-300x207.jpg 300w, https:\/\/santosvieiralda.com\/wp-content\/uploads\/2013\/12\/005_800_553_higie_seg_trab.jpg 800w\" sizes=\"(max-width: 300px) 100vw, 300px\" \/><\/p>\n<p style=\"text-align: center;\">[button class=&#8221;btn_smallgreen&#8221; url=&#8221;\/?page_id=3980&#8243; text=&#8221;Ver mais&#8230;&#8221;]<\/p>\n<p style=\"text-align: left;\"><\/div><div class=\"aq_span6 clearfix omega\"><\/p>\n<p style=\"text-align: justify;\">Santos &amp; Vieira proporciona servi\u00e7os de Seguran\u00e7a e Higiene no Trabalho, que para al\u00e9m de uma obrigatoriedade legal, favorecem o bem-estar dos seus trabalhadores nos locais de trabalho contribuindo para um bom desempenho profissional, para preven\u00e7\u00e3o dos riscos profissionais e a promo\u00e7\u00e3o da sa\u00fade dos trabalhadores, reduzindo as taxas de absentismo e sinistralidade e aumentando os \u00edndices de motiva\u00e7\u00e3o dos colaboradores e consequentemente aumento de produtividade.<\/p>\n<p style=\"text-align: justify;\">Este servi\u00e7o \u00e9 efectuado por T\u00e9cnicos Superiores de Seguran\u00e7a e Higiene no Trabalho e o processo baseia-se na consolida\u00e7\u00e3o de um conjunto de metodologias adequadas \u00e0 preven\u00e7\u00e3o de acidentes de trabalho, tendo como principal campo de ac\u00e7\u00e3o o reconhecimento e o controlo dos riscos associados ao local de trabalho e ao processo produtivo, com apresenta\u00e7\u00e3o de medidas correctivas e acompanhamento da sua implementa\u00e7\u00e3o.<\/p>\n<p><\/div><\/div>\n<p>&nbsp;<\/p>\n<p>&nbsp;<\/p>\n<p>&nbsp;<\/p>\n","protected":false},"excerpt":{"rendered":"<p>&nbsp; &nbsp; &nbsp;<\/p>\n","protected":false},"author":1,"featured_media":5031,"comment_status":"open","ping_status":"open","sticky":false,"template":"","format":"standard","meta":[],"categories":[143],"tags":[],"_links":{"self":[{"href":"https:\/\/santosvieiralda.com\/index.php?rest_route=\/wp\/v2\/posts\/5030"}],"collection":[{"href":"https:\/\/santosvieiralda.com\/index.php?rest_route=\/wp\/v2\/posts"}],"about":[{"href":"https:\/\/santosvieiralda.com\/index.php?rest_route=\/wp\/v2\/types\/post"}],"author":[{"embeddable":true,"href":"https:\/\/santosvieiralda.com\/index.php?rest_route=\/wp\/v2\/users\/1"}],"replies":[{"embeddable":true,"href":"https:\/\/santosvieiralda.com\/index.php?rest_route=%2Fwp%2Fv2%2Fcomments&post=5030"}],"version-history":[{"count":9,"href":"https:\/\/santosvieiralda.com\/index.php?rest_route=\/wp\/v2\/posts\/5030\/revisions"}],"predecessor-version":[{"id":5354,"href":"https:\/\/santosvieiralda.com\/index.php?rest_route=\/wp\/v2\/posts\/5030\/revisions\/5354"}],"wp:featuredmedia":[{"embeddable":true,"href":"https:\/\/santosvieiralda.com\/index.php?rest_route=\/wp\/v2\/media\/5031"}],"wp:attachment":[{"href":"https:\/\/santosvieiralda.com\/index.php?rest_route=%2Fwp%2Fv2%2Fmedia&parent=5030"}],"wp:term":[{"taxonomy":"category","embeddable":true,"href":"https:\/\/santosvieiralda.com\/index.php?rest_route=%2Fwp%2Fv2%2Fcategories&post=5030"},{"taxonomy":"post_tag","embeddable":true,"href":"https:\/\/santosvieiralda.com\/index.php?rest_route=%2Fwp%2Fv2%2Ftags&post=5030"}],"curies":[{"name":"wp","href":"https:\/\/api.w.org\/{rel}","templated":true}]}}