{"id":5248,"date":"2013-12-31T19:59:15","date_gmt":"2013-12-31T19:59:15","guid":{"rendered":"https:\/\/santosvieiralda.com\/?p=5248"},"modified":"2014-01-02T20:17:28","modified_gmt":"2014-01-02T20:17:28","slug":"equipamentos-de-proteccao-colectiva","status":"publish","type":"post","link":"https:\/\/santosvieiralda.com\/?p=5248","title":{"rendered":"Equipamentos de Protec\u00e7\u00e3o Colectiva"},"content":{"rendered":"<p style=\"text-align: justify;\">As medidas de protec\u00e7\u00e3o colectiva, atrav\u00e9s dos equipamentos de protec\u00e7\u00e3o colectiva (EPC), devem ter prioridade, conforme determina a legisla\u00e7\u00e3o, uma vez que beneficiam todos os trabalhadores, indistintamente. Os EPCs devem ser mantidos nas condi\u00e7\u00f5es que os especialistas em seguran\u00e7a estabelecerem, devendo ser reparados sempre que apresentarem qualquer defici\u00eancia.<\/p>\n<p style=\"text-align: center;\">[button class=&#8221;btn_biglightgreen&#8221; url=&#8221;https:\/\/santosvieiralda.com\/catalogo\/category.php?id_category=9&#8243; text=&#8221;Ver Cat\u00e1logo&#8221;]<\/p>\n","protected":false},"excerpt":{"rendered":"<p>As medidas de protec\u00e7\u00e3o colectiva, atrav\u00e9s dos equipamentos de protec\u00e7\u00e3o colectiva (EPC), devem ter prioridade, conforme determina a legisla\u00e7\u00e3o, uma vez que beneficiam todos os trabalhadores, indistintamente. Os EPCs devem ser mantidos nas condi\u00e7\u00f5es que os especialistas em seguran\u00e7a estabelecerem, devendo ser reparados sempre que apresentarem qualquer defici\u00eancia. [button class=&#8221;btn_biglightgreen&#8221; url=&#8221;https:\/\/santosvieiralda.com\/catalogo\/category.php?id_category=9&#8243; text=&#8221;Ver Cat\u00e1logo&#8221;]<\/p>\n","protected":false},"author":1,"featured_media":5495,"comment_status":"closed","ping_status":"closed","sticky":false,"template":"","format":"standard","meta":[],"categories":[142],"tags":[],"_links":{"self":[{"href":"https:\/\/santosvieiralda.com\/index.php?rest_route=\/wp\/v2\/posts\/5248"}],"collection":[{"href":"https:\/\/santosvieiralda.com\/index.php?rest_route=\/wp\/v2\/posts"}],"about":[{"href":"https:\/\/santosvieiralda.com\/index.php?rest_route=\/wp\/v2\/types\/post"}],"author":[{"embeddable":true,"href":"https:\/\/santosvieiralda.com\/index.php?rest_route=\/wp\/v2\/users\/1"}],"replies":[{"embeddable":true,"href":"https:\/\/santosvieiralda.com\/index.php?rest_route=%2Fwp%2Fv2%2Fcomments&post=5248"}],"version-history":[{"count":2,"href":"https:\/\/santosvieiralda.com\/index.php?rest_route=\/wp\/v2\/posts\/5248\/revisions"}],"predecessor-version":[{"id":5250,"href":"https:\/\/santosvieiralda.com\/index.php?rest_route=\/wp\/v2\/posts\/5248\/revisions\/5250"}],"wp:featuredmedia":[{"embeddable":true,"href":"https:\/\/santosvieiralda.com\/index.php?rest_route=\/wp\/v2\/media\/5495"}],"wp:attachment":[{"href":"https:\/\/santosvieiralda.com\/index.php?rest_route=%2Fwp%2Fv2%2Fmedia&parent=5248"}],"wp:term":[{"taxonomy":"category","embeddable":true,"href":"https:\/\/santosvieiralda.com\/index.php?rest_route=%2Fwp%2Fv2%2Fcategories&post=5248"},{"taxonomy":"post_tag","embeddable":true,"href":"https:\/\/santosvieiralda.com\/index.php?rest_route=%2Fwp%2Fv2%2Ftags&post=5248"}],"curies":[{"name":"wp","href":"https:\/\/api.w.org\/{rel}","templated":true}]}}